				
{"id":157349,"date":"2023-06-05T10:19:29","date_gmt":"2023-06-05T10:19:29","guid":{"rendered":"https:\/\/stl.tech\/umweltaspekte-fuer-den-nachhaltigen-einsatz-von-glasfasern\/"},"modified":"2023-08-21T10:32:03","modified_gmt":"2023-08-21T10:32:03","slug":"umweltaspekte-fuer-den-nachhaltigen-einsatz-von-glasfasern","status":"publish","type":"post","link":"https:\/\/stl.tech\/de\/blog\/umweltaspekte-fuer-den-nachhaltigen-einsatz-von-glasfasern\/","title":{"rendered":"Umweltaspekte f\u00fcr den nachhaltigen Einsatz von Glasfasern"},"content":{"rendered":"\n<p>Die Glasfasertechnologie ist nicht nur f\u00fcr ihre Hochgeschwindigkeits-Internetfunktionen bekannt, sondern auch f\u00fcr ihre positiven Auswirkungen auf die Umwelt. Im Gegensatz zu Kupferbreitband werden f\u00fcr Glasfaserkabel nachhaltige Materialien verwendet, die einen geringeren CO2-Fu\u00dfabdruck hinterlassen und Abfall und Umweltverschmutzung reduzieren. Auf das Internet entfallen derzeit <a href=\"https:\/\/www.bbc.com\/future\/article\/20200305-why-your-internet-habits-are-not-as-clean-as-you-think\" target=\"_blank\" rel=\"noreferrer noopener nofollow\">3,7 % der weltweiten Kohlenstoffemissionen<\/a>, die sich bis 2025 voraussichtlich verdoppeln werden. Dies hat zu einer wachsenden Besorgnis \u00fcber Umweltsch\u00e4den gef\u00fchrt und den Einzelnen dazu veranlasst, sich um nachhaltigere Praktiken zu bem\u00fchen. Obwohl das Internet in den Haushalten nur minimale Auswirkungen auf die Umwelt hat, tr\u00e4gt die breitere Internet-Infrastruktur erheblich zu den Kohlenstoffemissionen bei. Durch die Umstellung auf Glasfaserinternet k\u00f6nnen die Nutzer eine umweltfreundlichere Option f\u00fcr Internetdienste unterst\u00fctzen.<\/p>\n\n<h2 class=\"wp-block-heading\"><a><\/a>Die globalen Auswirkungen der Netze auf die Kohlendioxidemissionen<\/h2>\n<div class=\"wp-block-image\">\n<figure class=\"aligncenter size-full\"><img fetchpriority=\"high\" decoding=\"async\" width=\"725\" height=\"221\" src=\"https:\/\/stl.tech\/wp-content\/uploads\/2023\/06\/Emission.webp\" alt=\"\" class=\"wp-image-147408\" srcset=\"https:\/\/stl.tech\/wp-content\/uploads\/2023\/06\/Emission.webp 725w, https:\/\/stl.tech\/wp-content\/uploads\/2023\/06\/Emission-300x91.webp 300w\" sizes=\"(max-width: 725px) 100vw, 725px\" \/><\/figure>\n<\/div>\n<p>Abb. 1:<sub>CO2-Emissionen<\/sub> nach L\u00e4ndern<\/p>\n\n<p>Bildnachweis: <a href=\"https:\/\/8billiontrees.com\/carbon-offsets-credits\/carbon-footprint-of-the-internet\/#ref-20\" target=\"_blank\" rel=\"noreferrer noopener nofollow\">8billiontrees.com<\/a><\/p>\n\n<p>Die weltweiten Kohlendioxidemissionen belaufen sich auf rund <a href=\"https:\/\/8billiontrees.com\/carbon-offsets-credits\/carbon-footprint-of-the-internet\/#ref-20\" target=\"_blank\" rel=\"noreferrer noopener nofollow\">39,9 Milliarden Tonnen<\/a>. Einfache Berechnungen zeigen, dass das Internet einen betr\u00e4chtlichen CO2-Fu\u00dfabdruck hinterl\u00e4sst und etwa <a href=\"https:\/\/8billiontrees.com\/carbon-offsets-credits\/carbon-footprint-of-the-internet\/#ref-20\" target=\"_blank\" rel=\"noreferrer noopener nofollow\">4 % zur weltweiten CO2-Produktion<\/a> beitr\u00e4gt. Dieser Prozentsatz \u00fcbertrifft die Emissionen jedes einzelnen Landes mit Ausnahme der USA, Chinas und Indiens. Au\u00dferdem \u00fcbersteigt er die Emissionen der Luft- und Raumfahrtindustrie, die gemeinhin als Hauptverursacher der Luftverschmutzung durch CO2- und andere Treibhausgasemissionen gilt.<\/p>\n\n<h2 class=\"wp-block-heading\"><a><\/a>Innovation und Produktivit\u00e4t<\/h2>\n\n<p>Das <a href=\"https:\/\/stl.tech\/de\/optical-interconnect\/optische-faser\/\">Glasfaser-Internet<\/a> hat das Potenzial, Kreativit\u00e4t und Effektivit\u00e4t in zahlreichen Sektoren und Bereichen zu f\u00f6rdern, indem es die Weiterentwicklung und Akzeptanz neuer Technologien wie Cloud Computing, k\u00fcnstliche Intelligenz, Big Data und das Internet der Dinge erleichtert. Au\u00dferdem kann das Glasfaser-Internet die M\u00f6glichkeiten und die Effektivit\u00e4t aktueller Anwendungen wie Videokonferenzen, Online-Spiele, E-Commerce und Telearbeit verbessern.<\/p>\n\n<h2 class=\"wp-block-heading\"><a><\/a>Kabelinternet verbraucht mehr Energie als Glasfaseranschl\u00fcsse<\/h2>\n\n<p>Glasfaserinternet verbraucht deutlich weniger Energie als Kabelinternet und ist damit eine nachhaltigere Wahl. Die Glasfasertechnologie verbraucht bei der Daten\u00fcbertragung bis zu 12 Mal weniger Energie als Koaxialkabel. So ben\u00f6tigen Glasfaserkabel weniger als 1 Watt, um Daten \u00fcber 300 Meter zu \u00fcbertragen, w\u00e4hrend Koaxialkabel etwa <a href=\"https:\/\/beyondtech.us\/blogs\/beyond-blog\/how-fiber-optic-save-the-world\" target=\"_blank\" rel=\"noreferrer noopener nofollow\">3,5 Watt f\u00fcr nur 100 Meter<\/a> ben\u00f6tigen. Diese Energieeffizienz f\u00fchrt zu einer geringeren W\u00e4rmeentwicklung, so dass die K\u00fchlsysteme der Koaxialkabel \u00fcberfl\u00fcssig werden. Koaxialkabel verbrauchen im Durchschnitt zus\u00e4tzlich 3.000 bis 5.000 Watt pro Stunde f\u00fcr die K\u00fchlung.<\/p>\n\n<p>Im Gegensatz dazu ben\u00f6tigen Glasfaserkabel keine K\u00fchlung, was zu noch mehr Energieeinsparungen f\u00fchrt. Infolgedessen st\u00f6\u00dft die Glasfasertechnik deutlich weniger Kohlendioxid aus als das Kabelinternet. Daher bietet das Glasfaserinternet erhebliche Energieeinsparungen, eine geringere W\u00e4rmeentwicklung und niedrigere Kohlenstoffemissionen als das Kabelinternet.<\/p>\n\n<h2 class=\"wp-block-heading\"><a><\/a>Fibre setzt auf umweltfreundlichere Materialien<\/h2>\n<div class=\"wp-block-image\">\n<figure class=\"aligncenter size-full\"><img decoding=\"async\" width=\"500\" height=\"302\" src=\"https:\/\/stl.tech\/wp-content\/uploads\/2023\/06\/Materials.webp\" alt=\"\" class=\"wp-image-147417\" srcset=\"https:\/\/stl.tech\/wp-content\/uploads\/2023\/06\/Materials.webp 500w, https:\/\/stl.tech\/wp-content\/uploads\/2023\/06\/Materials-300x181.webp 300w\" sizes=\"(max-width: 500px) 100vw, 500px\" \/><\/figure>\n<\/div>\n<p>Abb. 2: Glasfaserkabel<\/p>\n\n<p>Bildnachweis:<a href=\"https:\/\/www.ofsoptics.com\/optical-fibre-coatings\/\" target=\"_blank\" rel=\"noreferrer noopener nofollow\"> ofsoptics<\/a><\/p>\n\n<p>Herk\u00f6mmliche Kabel aus Kupferdraht \u00fcbertragen Verbindungen als elektrische Signale, aber die Gewinnung von Kupfer hat erhebliche Auswirkungen auf die Umwelt. Sie beeintr\u00e4chtigt die biologische Vielfalt, erzeugt Abf\u00e4lle, verschmutzt das Grundwasser und hat einen hohen Kohlenstoff-Fu\u00dfabdruck. Glasfaserkabel \u00fcbertragen Daten in Form von Lichtstrahlen unter Verwendung von reichlich Siliziumdioxid. Obwohl Glasfaserkabel mit Umweltkosten verbunden sind, sind diese weitaus geringer als bei der Kupfergewinnung.<\/p>\n\n<p>Glasfaserkabel werden aus Siliziumdioxid hergestellt, einer nat\u00fcrlich vorkommenden Verbindung, die aus zwei auf der Erde reichlich vorhandenen Elementen gewonnen wird: Silizium und Sauerstoff. Quarz ist eine Form von Siliziumdioxid, die den Sammlern von Steinen bekannt ist, w\u00e4hrend diejenigen, die h\u00e4ufig an Str\u00e4nden sind, es vielleicht als Hauptbestandteil von Sand erkennen. Es handelt sich nicht um eine knappe Ressource, und f\u00fcr die Gewinnung ist kein Abbau erforderlich.<\/p>\n\n<p>Die Verringerung der Metallgewinnung, z. B. von Kupfer, ist der Schl\u00fcssel zur Begrenzung der globalen Erw\u00e4rmung. Glasfaserkabel bieten eine nachhaltigere Alternative, die die Umweltbelastung minimiert. Ihre Herstellung schont die Ressourcen, reduziert den Abfall, sch\u00fctzt das Grundwasser und senkt die Kohlenstoffemissionen. Der Einsatz von Glasfasern ist entscheidend f\u00fcr eine nachhaltige digitale Zukunft.<\/p>\n\n<h2 class=\"wp-block-heading\"><a><\/a>Glasfasertechnologie erfordert nur minimale Wartung und Nachr\u00fcstung<\/h2>\n\n<p>Die Glasfasertechnologie bietet durch ihre Langlebigkeit einen \u00f6kologischen und wirtschaftlichen Vorteil. Glasfaser ist weniger anf\u00e4llig f\u00fcr wetterbedingte St\u00f6rungen als Kabel, DSL oder Satellit, wodurch weniger Reparaturen und Aktualisierungen erforderlich sind. Die Reparaturen sind <a href=\"https:\/\/www.enn.com\/articles\/48475-on-earth-day,-give-fiber-its-due...\" target=\"_blank\" rel=\"noreferrer noopener nofollow\">67 % schneller<\/a> als bei Kabel oder DSL, selbst wenn die Glasfasernetze ausfallen. Au\u00dferdem macht die unbegrenzte Bandbreitenkapazit\u00e4t von Glasfaserkabeln h\u00e4ufige Aktualisierungen \u00fcberfl\u00fcssig. Im Gegensatz zu anderen Internettypen k\u00f6nnen Internetanbieter ein Glasfasernetz bis zu 25 Jahre lang ohne Aktualisierung betreiben. Diese Langlebigkeit und Bandbreitenkapazit\u00e4t machen Glasfaserkabel umweltfreundlich und kosteneffizient und verringern den \u00f6kologischen Fu\u00dfabdruck und die mit der Wartung und Aufr\u00fcstung von Netzen verbundenen Kosten.<\/p>\n\n<h2 class=\"wp-block-heading\"><a><\/a>Die Faser wurde im Hinblick auf eine lange Haltbarkeit konstruiert<\/h2>\n\n<p>Glasfaserkabel sind zukunftssicher und \u00fcbertreffen die Gigabit-Geschwindigkeiten, die derzeitige Internetanbieter anbieten, bei weitem. Da Breitbandverbindungen mit 10 Gbit\/s allt\u00e4glich werden, k\u00f6nnen die vorhandenen <a href=\"https:\/\/stl.tech\/optical-interconnect-products\/optical-fibre-cable\/\">Glasfaserkabel<\/a> in den Haushalten diese Geschwindigkeiten problemlos bew\u00e4ltigen. Dar\u00fcber hinaus sind Glasfaserkabel f\u00fcr eine jahrzehntelange Lebensdauer ausgelegt und weisen eine h\u00f6here Widerstandsf\u00e4higkeit bei gro\u00dfen St\u00fcrmen auf. Im Gegensatz zu herk\u00f6mmlichen Kupferkabeln k\u00f6nnen Glasfasernetze aufger\u00fcstet werden, ohne dass die Kabel selbst ausgetauscht werden m\u00fcssen, was eine langfristige Rentabilit\u00e4t gew\u00e4hrleistet. Diese minimalen langfristigen Auswirkungen bedeuten, dass sie auch nach der Installation von Glasfasernetzen bestehen bleiben. Eine routinem\u00e4\u00dfige Wartung ist erforderlich, aber ein kompletter Austausch der Kabel ist nicht notwendig. Glasfaserkabel bieten eine dauerhafte, anpassungsf\u00e4hige und kosteng\u00fcnstige L\u00f6sung f\u00fcr Hochgeschwindigkeits-Internet, die den wachsenden Anforderungen des digitalen Zeitalters gerecht wird.<\/p>\n\n<h2 class=\"wp-block-heading\"><strong>FAQs<\/strong><\/h2>\n\n<div class=\"schema-faq wp-block-yoast-faq-block\"><div class=\"schema-faq-section\" id=\"faq-question-1688120526221\"><strong class=\"schema-faq-question\">1. <strong>Ist die Verwendung von Glasfasern umweltfreundlich und nachhaltig?<\/strong><\/strong> <p class=\"schema-faq-answer\">Glasfasern sind eine nachhaltige Wahl, da sie im Vergleich zu kupferbasierten Netzwerken wirtschaftlich und platzsparend sind. Dar\u00fcber hinaus hat sich STL, ein Unternehmen mit fast 30 Jahren Erfahrung in der Herstellung von Glasfasern, der Innovation verschrieben und strebt nach kleineren Formaten, der Reduzierung des Kunststoffverbrauchs bei der Installation und der Einf\u00fchrung nachhaltiger Fertigungsverfahren.<\/p> <\/div> <div class=\"schema-faq-section\" id=\"faq-question-1688120549501\"><strong class=\"schema-faq-question\">2. <strong>Gibt es bei Glasfasern Energieverluste?<\/strong><\/strong> <p class=\"schema-faq-answer\">Lichtwellenleiter sind ein hervorragendes Medium f\u00fcr die \u00dcbertragung von Lichtsignalen und ben\u00f6tigen in der Regel keine Verst\u00e4rkung wie Kupferkabel. In Glasfasern kommt es jedoch zu einem minimalen Leistungsverlust, der als D\u00e4mpfung bezeichnet wird. Hochwertige Singlemode-Fasern k\u00f6nnen eine D\u00e4mpfungsrate von nur 0,1 dB pro Kilometer aufweisen.<\/p> <\/div> <\/div>\n","protected":false},"excerpt":{"rendered":"<p>Die Glasfasertechnologie ist nicht nur f\u00fcr ihre Hochgeschwindigkeits-Internetfunktionen bekannt, sondern auch f\u00fcr ihre positiven Auswirkungen auf die Umwelt. Im Gegensatz zu Kupferbreitband werden f\u00fcr Glasfaserkabel nachhaltige Materialien verwendet, die einen geringeren CO2-Fu\u00dfabdruck hinterlassen und Abfall und Umweltverschmutzung reduzieren. Auf das Internet entfallen derzeit 3,7 % der weltweiten Kohlenstoffemissionen, die sich bis 2025 voraussichtlich verdoppeln werden. [&hellip;]<\/p>\n","protected":false},"author":1,"featured_media":147404,"comment_status":"open","ping_status":"open","sticky":false,"template":"","format":"standard","meta":{"_acf_changed":false,"footnotes":""},"categories":[1637],"tags":[],"class_list":["post-157349","post","type-post","status-publish","format-standard","has-post-thumbnail","hentry","category-glasfaser-bereitstellung"],"acf":[],"yoast_head":"<!-- This site is optimized with the Yoast SEO plugin v26.1.1 - https:\/\/yoast.com\/wordpress\/plugins\/seo\/ -->\n<title>Anwendung von Glasfasertechnik f\u00fcr nachhaltige Netzverbindungen<\/title>\n<meta name=\"description\" content=\"Glasfasernetze sind dem Kabelinternet hinsichtlich der Nachhaltigkeit \u00fcberlegen. Erfahren Sie, wie Glasfaserkabel die durch Kommunikationsnetze verursachten Sch\u00e4den abmildern.\" \/>\n<meta name=\"robots\" content=\"index, follow, max-snippet:-1, max-image-preview:large, max-video-preview:-1\" \/>\n<link rel=\"canonical\" href=\"https:\/\/stl.tech\/de\/blog\/umweltaspekte-fuer-den-nachhaltigen-einsatz-von-glasfasern\/\" \/>\n<meta property=\"og:locale\" content=\"de_DE\" \/>\n<meta property=\"og:type\" content=\"article\" \/>\n<meta property=\"og:title\" content=\"Anwendung von Glasfasertechnik f\u00fcr nachhaltige Netzverbindungen\" \/>\n<meta property=\"og:description\" content=\"Glasfasernetze sind dem Kabelinternet hinsichtlich der Nachhaltigkeit \u00fcberlegen. Erfahren Sie, wie Glasfaserkabel die durch Kommunikationsnetze verursachten Sch\u00e4den abmildern.\" \/>\n<meta property=\"og:url\" content=\"https:\/\/stl.tech\/de\/blog\/umweltaspekte-fuer-den-nachhaltigen-einsatz-von-glasfasern\/\" \/>\n<meta property=\"og:site_name\" content=\"STL Tech\" \/>\n<meta property=\"article:publisher\" content=\"https:\/\/www.facebook.com\/people\/STL-Sterlite-Technologies-Limited\/100064100861804\/\" \/>\n<meta property=\"article:published_time\" content=\"2023-06-05T10:19:29+00:00\" \/>\n<meta property=\"article:modified_time\" content=\"2023-08-21T10:32:03+00:00\" \/>\n<meta property=\"og:image\" content=\"https:\/\/stl.tech\/wp-content\/uploads\/2023\/06\/fibre-deployment-2.webp\" \/>\n\t<meta property=\"og:image:width\" content=\"1000\" \/>\n\t<meta property=\"og:image:height\" content=\"667\" \/>\n\t<meta property=\"og:image:type\" content=\"image\/webp\" \/>\n<meta name=\"author\" content=\"STL TECH\" \/>\n<meta name=\"twitter:card\" content=\"summary_large_image\" \/>\n<meta name=\"twitter:creator\" content=\"@STL_tech\" \/>\n<meta name=\"twitter:site\" content=\"@STL_tech\" \/>\n<meta name=\"twitter:label1\" content=\"Verfasst von\" \/>\n\t<meta name=\"twitter:data1\" content=\"STL TECH\" \/>\n\t<meta name=\"twitter:label2\" content=\"Gesch\u00e4tzte Lesezeit\" \/>\n\t<meta name=\"twitter:data2\" content=\"5\u00a0Minuten\" \/>\n<script type=\"application\/ld+json\" class=\"yoast-schema-graph\">{\"@context\":\"https:\/\/schema.org\",\"@graph\":[{\"@type\":\"Article\",\"@id\":\"https:\/\/stl.tech\/de\/blog\/umweltaspekte-fuer-den-nachhaltigen-einsatz-von-glasfasern\/#article\",\"isPartOf\":{\"@id\":\"https:\/\/stl.tech\/de\/blog\/umweltaspekte-fuer-den-nachhaltigen-einsatz-von-glasfasern\/\"},\"author\":{\"name\":\"STL TECH\",\"@id\":\"https:\/\/stl.tech\/de\/#\/schema\/person\/d2f7fd27db287bfafecbc38ad3183bdf\"},\"headline\":\"Umweltaspekte f\u00fcr den nachhaltigen Einsatz von Glasfasern\",\"datePublished\":\"2023-06-05T10:19:29+00:00\",\"dateModified\":\"2023-08-21T10:32:03+00:00\",\"mainEntityOfPage\":{\"@id\":\"https:\/\/stl.tech\/de\/blog\/umweltaspekte-fuer-den-nachhaltigen-einsatz-von-glasfasern\/\"},\"wordCount\":996,\"commentCount\":0,\"publisher\":{\"@id\":\"https:\/\/stl.tech\/de\/#organization\"},\"image\":{\"@id\":\"https:\/\/stl.tech\/de\/blog\/umweltaspekte-fuer-den-nachhaltigen-einsatz-von-glasfasern\/#primaryimage\"},\"thumbnailUrl\":\"https:\/\/stl.tech\/wp-content\/uploads\/2023\/06\/fibre-deployment-2.webp\",\"articleSection\":[\"Glasfaser-Bereitstellung\"],\"inLanguage\":\"de\",\"potentialAction\":[{\"@type\":\"CommentAction\",\"name\":\"Comment\",\"target\":[\"https:\/\/stl.tech\/de\/blog\/umweltaspekte-fuer-den-nachhaltigen-einsatz-von-glasfasern\/#respond\"]}]},{\"@type\":[\"WebPage\",\"FAQPage\"],\"@id\":\"https:\/\/stl.tech\/de\/blog\/umweltaspekte-fuer-den-nachhaltigen-einsatz-von-glasfasern\/\",\"url\":\"https:\/\/stl.tech\/de\/blog\/umweltaspekte-fuer-den-nachhaltigen-einsatz-von-glasfasern\/\",\"name\":\"Anwendung von Glasfasertechnik f\u00fcr nachhaltige Netzverbindungen\",\"isPartOf\":{\"@id\":\"https:\/\/stl.tech\/de\/#website\"},\"primaryImageOfPage\":{\"@id\":\"https:\/\/stl.tech\/de\/blog\/umweltaspekte-fuer-den-nachhaltigen-einsatz-von-glasfasern\/#primaryimage\"},\"image\":{\"@id\":\"https:\/\/stl.tech\/de\/blog\/umweltaspekte-fuer-den-nachhaltigen-einsatz-von-glasfasern\/#primaryimage\"},\"thumbnailUrl\":\"https:\/\/stl.tech\/wp-content\/uploads\/2023\/06\/fibre-deployment-2.webp\",\"datePublished\":\"2023-06-05T10:19:29+00:00\",\"dateModified\":\"2023-08-21T10:32:03+00:00\",\"description\":\"Glasfasernetze sind dem Kabelinternet hinsichtlich der Nachhaltigkeit \u00fcberlegen. Erfahren Sie, wie Glasfaserkabel die durch Kommunikationsnetze verursachten Sch\u00e4den abmildern.\",\"breadcrumb\":{\"@id\":\"https:\/\/stl.tech\/de\/blog\/umweltaspekte-fuer-den-nachhaltigen-einsatz-von-glasfasern\/#breadcrumb\"},\"mainEntity\":[{\"@id\":\"https:\/\/stl.tech\/de\/blog\/umweltaspekte-fuer-den-nachhaltigen-einsatz-von-glasfasern\/#faq-question-1688120526221\"},{\"@id\":\"https:\/\/stl.tech\/de\/blog\/umweltaspekte-fuer-den-nachhaltigen-einsatz-von-glasfasern\/#faq-question-1688120549501\"}],\"inLanguage\":\"de\",\"potentialAction\":[{\"@type\":\"ReadAction\",\"target\":[\"https:\/\/stl.tech\/de\/blog\/umweltaspekte-fuer-den-nachhaltigen-einsatz-von-glasfasern\/\"]}]},{\"@type\":\"ImageObject\",\"inLanguage\":\"de\",\"@id\":\"https:\/\/stl.tech\/de\/blog\/umweltaspekte-fuer-den-nachhaltigen-einsatz-von-glasfasern\/#primaryimage\",\"url\":\"https:\/\/stl.tech\/wp-content\/uploads\/2023\/06\/fibre-deployment-2.webp\",\"contentUrl\":\"https:\/\/stl.tech\/wp-content\/uploads\/2023\/06\/fibre-deployment-2.webp\",\"width\":1000,\"height\":667},{\"@type\":\"BreadcrumbList\",\"@id\":\"https:\/\/stl.tech\/de\/blog\/umweltaspekte-fuer-den-nachhaltigen-einsatz-von-glasfasern\/#breadcrumb\",\"itemListElement\":[{\"@type\":\"ListItem\",\"position\":1,\"name\":\"Home\",\"item\":\"https:\/\/stl.tech\/de\/\"},{\"@type\":\"ListItem\",\"position\":2,\"name\":\"Umweltaspekte f\u00fcr den nachhaltigen Einsatz von Glasfasern\"}]},{\"@type\":\"WebSite\",\"@id\":\"https:\/\/stl.tech\/de\/#website\",\"url\":\"https:\/\/stl.tech\/de\/\",\"name\":\"STL Tech\",\"description\":\"\",\"publisher\":{\"@id\":\"https:\/\/stl.tech\/de\/#organization\"},\"potentialAction\":[{\"@type\":\"SearchAction\",\"target\":{\"@type\":\"EntryPoint\",\"urlTemplate\":\"https:\/\/stl.tech\/de\/?s={search_term_string}\"},\"query-input\":{\"@type\":\"PropertyValueSpecification\",\"valueRequired\":true,\"valueName\":\"search_term_string\"}}],\"inLanguage\":\"de\"},{\"@type\":\"Organization\",\"@id\":\"https:\/\/stl.tech\/de\/#organization\",\"name\":\"STL Tech\",\"url\":\"https:\/\/stl.tech\/de\/\",\"logo\":{\"@type\":\"ImageObject\",\"inLanguage\":\"de\",\"@id\":\"https:\/\/stl.tech\/de\/#\/schema\/logo\/image\/\",\"url\":\"https:\/\/stl.tech\/wp-content\/uploads\/2022\/10\/stl2_logo.png\",\"contentUrl\":\"https:\/\/stl.tech\/wp-content\/uploads\/2022\/10\/stl2_logo.png\",\"width\":119,\"height\":40,\"caption\":\"STL Tech\"},\"image\":{\"@id\":\"https:\/\/stl.tech\/de\/#\/schema\/logo\/image\/\"},\"sameAs\":[\"https:\/\/www.facebook.com\/people\/STL-Sterlite-Technologies-Limited\/100064100861804\/\",\"https:\/\/x.com\/STL_tech\",\"https:\/\/www.linkedin.com\/company\/sterlite-technologies-ltd-\/\"]},{\"@type\":\"Person\",\"@id\":\"https:\/\/stl.tech\/de\/#\/schema\/person\/d2f7fd27db287bfafecbc38ad3183bdf\",\"name\":\"STL TECH\",\"image\":{\"@type\":\"ImageObject\",\"inLanguage\":\"de\",\"@id\":\"https:\/\/stl.tech\/de\/#\/schema\/person\/image\/\",\"url\":\"https:\/\/secure.gravatar.com\/avatar\/95a0f9b3922c2747c2b9300020a70b36d7d2418eb325dbf27d064a93c6479f20?s=96&d=mm&r=g\",\"contentUrl\":\"https:\/\/secure.gravatar.com\/avatar\/95a0f9b3922c2747c2b9300020a70b36d7d2418eb325dbf27d064a93c6479f20?s=96&d=mm&r=g\",\"caption\":\"STL TECH\"},\"sameAs\":[\"https:\/\/stl.tech\"],\"url\":\"https:\/\/stl.tech\/de\/author\/stlweb\/\"},{\"@type\":\"Question\",\"@id\":\"https:\/\/stl.tech\/de\/blog\/umweltaspekte-fuer-den-nachhaltigen-einsatz-von-glasfasern\/#faq-question-1688120526221\",\"position\":1,\"url\":\"https:\/\/stl.tech\/de\/blog\/umweltaspekte-fuer-den-nachhaltigen-einsatz-von-glasfasern\/#faq-question-1688120526221\",\"name\":\"1. Is the use of optical fibres environmentally friendly and sustainable?\",\"answerCount\":1,\"acceptedAnswer\":{\"@type\":\"Answer\",\"text\":\"Optical fibres are a sustainable choice due to their economical and space-efficient nature compared to copper-based networking systems. In addition, STL, a company with nearly 30 years of experience in manufacturing optical fibres, has been committed to innovation, aiming for smaller form sizes, reducing plastic usage in installation, and adopting sustainable manufacturing practices.\",\"inLanguage\":\"de\"},\"inLanguage\":\"de\"},{\"@type\":\"Question\",\"@id\":\"https:\/\/stl.tech\/de\/blog\/umweltaspekte-fuer-den-nachhaltigen-einsatz-von-glasfasern\/#faq-question-1688120549501\",\"position\":2,\"url\":\"https:\/\/stl.tech\/de\/blog\/umweltaspekte-fuer-den-nachhaltigen-einsatz-von-glasfasern\/#faq-question-1688120549501\",\"name\":\"2. Does optical fibre experience energy loss?\",\"answerCount\":1,\"acceptedAnswer\":{\"@type\":\"Answer\",\"text\":\"Optical fibre is an excellent medium for transmitting light signals and typically does not require amplification like copper cables. However, there is a minimal loss of power in optical fibre, known as attenuation. High-quality single-mode fibre can have an attenuation rate as low as 0.1 dB per kilometer.\",\"inLanguage\":\"de\"},\"inLanguage\":\"de\"}]}<\/script>\n<!-- \/ Yoast SEO plugin. -->","yoast_head_json":{"title":"Anwendung von Glasfasertechnik f\u00fcr nachhaltige Netzverbindungen","description":"Glasfasernetze sind dem Kabelinternet hinsichtlich der Nachhaltigkeit \u00fcberlegen. Erfahren Sie, wie Glasfaserkabel die durch Kommunikationsnetze verursachten Sch\u00e4den abmildern.","robots":{"index":"index","follow":"follow","max-snippet":"max-snippet:-1","max-image-preview":"max-image-preview:large","max-video-preview":"max-video-preview:-1"},"canonical":"https:\/\/stl.tech\/de\/blog\/umweltaspekte-fuer-den-nachhaltigen-einsatz-von-glasfasern\/","og_locale":"de_DE","og_type":"article","og_title":"Anwendung von Glasfasertechnik f\u00fcr nachhaltige Netzverbindungen","og_description":"Glasfasernetze sind dem Kabelinternet hinsichtlich der Nachhaltigkeit \u00fcberlegen. Erfahren Sie, wie Glasfaserkabel die durch Kommunikationsnetze verursachten Sch\u00e4den abmildern.","og_url":"https:\/\/stl.tech\/de\/blog\/umweltaspekte-fuer-den-nachhaltigen-einsatz-von-glasfasern\/","og_site_name":"STL Tech","article_publisher":"https:\/\/www.facebook.com\/people\/STL-Sterlite-Technologies-Limited\/100064100861804\/","article_published_time":"2023-06-05T10:19:29+00:00","article_modified_time":"2023-08-21T10:32:03+00:00","og_image":[{"width":1000,"height":667,"url":"https:\/\/stl.tech\/wp-content\/uploads\/2023\/06\/fibre-deployment-2.webp","type":"image\/webp"}],"author":"STL TECH","twitter_card":"summary_large_image","twitter_creator":"@STL_tech","twitter_site":"@STL_tech","twitter_misc":{"Verfasst von":"STL TECH","Gesch\u00e4tzte Lesezeit":"5\u00a0Minuten"},"schema":{"@context":"https:\/\/schema.org","@graph":[{"@type":"Article","@id":"https:\/\/stl.tech\/de\/blog\/umweltaspekte-fuer-den-nachhaltigen-einsatz-von-glasfasern\/#article","isPartOf":{"@id":"https:\/\/stl.tech\/de\/blog\/umweltaspekte-fuer-den-nachhaltigen-einsatz-von-glasfasern\/"},"author":{"name":"STL TECH","@id":"https:\/\/stl.tech\/de\/#\/schema\/person\/d2f7fd27db287bfafecbc38ad3183bdf"},"headline":"Umweltaspekte f\u00fcr den nachhaltigen Einsatz von Glasfasern","datePublished":"2023-06-05T10:19:29+00:00","dateModified":"2023-08-21T10:32:03+00:00","mainEntityOfPage":{"@id":"https:\/\/stl.tech\/de\/blog\/umweltaspekte-fuer-den-nachhaltigen-einsatz-von-glasfasern\/"},"wordCount":996,"commentCount":0,"publisher":{"@id":"https:\/\/stl.tech\/de\/#organization"},"image":{"@id":"https:\/\/stl.tech\/de\/blog\/umweltaspekte-fuer-den-nachhaltigen-einsatz-von-glasfasern\/#primaryimage"},"thumbnailUrl":"https:\/\/stl.tech\/wp-content\/uploads\/2023\/06\/fibre-deployment-2.webp","articleSection":["Glasfaser-Bereitstellung"],"inLanguage":"de","potentialAction":[{"@type":"CommentAction","name":"Comment","target":["https:\/\/stl.tech\/de\/blog\/umweltaspekte-fuer-den-nachhaltigen-einsatz-von-glasfasern\/#respond"]}]},{"@type":["WebPage","FAQPage"],"@id":"https:\/\/stl.tech\/de\/blog\/umweltaspekte-fuer-den-nachhaltigen-einsatz-von-glasfasern\/","url":"https:\/\/stl.tech\/de\/blog\/umweltaspekte-fuer-den-nachhaltigen-einsatz-von-glasfasern\/","name":"Anwendung von Glasfasertechnik f\u00fcr nachhaltige Netzverbindungen","isPartOf":{"@id":"https:\/\/stl.tech\/de\/#website"},"primaryImageOfPage":{"@id":"https:\/\/stl.tech\/de\/blog\/umweltaspekte-fuer-den-nachhaltigen-einsatz-von-glasfasern\/#primaryimage"},"image":{"@id":"https:\/\/stl.tech\/de\/blog\/umweltaspekte-fuer-den-nachhaltigen-einsatz-von-glasfasern\/#primaryimage"},"thumbnailUrl":"https:\/\/stl.tech\/wp-content\/uploads\/2023\/06\/fibre-deployment-2.webp","datePublished":"2023-06-05T10:19:29+00:00","dateModified":"2023-08-21T10:32:03+00:00","description":"Glasfasernetze sind dem Kabelinternet hinsichtlich der Nachhaltigkeit \u00fcberlegen. Erfahren Sie, wie Glasfaserkabel die durch Kommunikationsnetze verursachten Sch\u00e4den abmildern.","breadcrumb":{"@id":"https:\/\/stl.tech\/de\/blog\/umweltaspekte-fuer-den-nachhaltigen-einsatz-von-glasfasern\/#breadcrumb"},"mainEntity":[{"@id":"https:\/\/stl.tech\/de\/blog\/umweltaspekte-fuer-den-nachhaltigen-einsatz-von-glasfasern\/#faq-question-1688120526221"},{"@id":"https:\/\/stl.tech\/de\/blog\/umweltaspekte-fuer-den-nachhaltigen-einsatz-von-glasfasern\/#faq-question-1688120549501"}],"inLanguage":"de","potentialAction":[{"@type":"ReadAction","target":["https:\/\/stl.tech\/de\/blog\/umweltaspekte-fuer-den-nachhaltigen-einsatz-von-glasfasern\/"]}]},{"@type":"ImageObject","inLanguage":"de","@id":"https:\/\/stl.tech\/de\/blog\/umweltaspekte-fuer-den-nachhaltigen-einsatz-von-glasfasern\/#primaryimage","url":"https:\/\/stl.tech\/wp-content\/uploads\/2023\/06\/fibre-deployment-2.webp","contentUrl":"https:\/\/stl.tech\/wp-content\/uploads\/2023\/06\/fibre-deployment-2.webp","width":1000,"height":667},{"@type":"BreadcrumbList","@id":"https:\/\/stl.tech\/de\/blog\/umweltaspekte-fuer-den-nachhaltigen-einsatz-von-glasfasern\/#breadcrumb","itemListElement":[{"@type":"ListItem","position":1,"name":"Home","item":"https:\/\/stl.tech\/de\/"},{"@type":"ListItem","position":2,"name":"Umweltaspekte f\u00fcr den nachhaltigen Einsatz von Glasfasern"}]},{"@type":"WebSite","@id":"https:\/\/stl.tech\/de\/#website","url":"https:\/\/stl.tech\/de\/","name":"STL Tech","description":"","publisher":{"@id":"https:\/\/stl.tech\/de\/#organization"},"potentialAction":[{"@type":"SearchAction","target":{"@type":"EntryPoint","urlTemplate":"https:\/\/stl.tech\/de\/?s={search_term_string}"},"query-input":{"@type":"PropertyValueSpecification","valueRequired":true,"valueName":"search_term_string"}}],"inLanguage":"de"},{"@type":"Organization","@id":"https:\/\/stl.tech\/de\/#organization","name":"STL Tech","url":"https:\/\/stl.tech\/de\/","logo":{"@type":"ImageObject","inLanguage":"de","@id":"https:\/\/stl.tech\/de\/#\/schema\/logo\/image\/","url":"https:\/\/stl.tech\/wp-content\/uploads\/2022\/10\/stl2_logo.png","contentUrl":"https:\/\/stl.tech\/wp-content\/uploads\/2022\/10\/stl2_logo.png","width":119,"height":40,"caption":"STL Tech"},"image":{"@id":"https:\/\/stl.tech\/de\/#\/schema\/logo\/image\/"},"sameAs":["https:\/\/www.facebook.com\/people\/STL-Sterlite-Technologies-Limited\/100064100861804\/","https:\/\/x.com\/STL_tech","https:\/\/www.linkedin.com\/company\/sterlite-technologies-ltd-\/"]},{"@type":"Person","@id":"https:\/\/stl.tech\/de\/#\/schema\/person\/d2f7fd27db287bfafecbc38ad3183bdf","name":"STL TECH","image":{"@type":"ImageObject","inLanguage":"de","@id":"https:\/\/stl.tech\/de\/#\/schema\/person\/image\/","url":"https:\/\/secure.gravatar.com\/avatar\/95a0f9b3922c2747c2b9300020a70b36d7d2418eb325dbf27d064a93c6479f20?s=96&d=mm&r=g","contentUrl":"https:\/\/secure.gravatar.com\/avatar\/95a0f9b3922c2747c2b9300020a70b36d7d2418eb325dbf27d064a93c6479f20?s=96&d=mm&r=g","caption":"STL TECH"},"sameAs":["https:\/\/stl.tech"],"url":"https:\/\/stl.tech\/de\/author\/stlweb\/"},{"@type":"Question","@id":"https:\/\/stl.tech\/de\/blog\/umweltaspekte-fuer-den-nachhaltigen-einsatz-von-glasfasern\/#faq-question-1688120526221","position":1,"url":"https:\/\/stl.tech\/de\/blog\/umweltaspekte-fuer-den-nachhaltigen-einsatz-von-glasfasern\/#faq-question-1688120526221","name":"1. Is the use of optical fibres environmentally friendly and sustainable?","answerCount":1,"acceptedAnswer":{"@type":"Answer","text":"Optical fibres are a sustainable choice due to their economical and space-efficient nature compared to copper-based networking systems. In addition, STL, a company with nearly 30 years of experience in manufacturing optical fibres, has been committed to innovation, aiming for smaller form sizes, reducing plastic usage in installation, and adopting sustainable manufacturing practices.","inLanguage":"de"},"inLanguage":"de"},{"@type":"Question","@id":"https:\/\/stl.tech\/de\/blog\/umweltaspekte-fuer-den-nachhaltigen-einsatz-von-glasfasern\/#faq-question-1688120549501","position":2,"url":"https:\/\/stl.tech\/de\/blog\/umweltaspekte-fuer-den-nachhaltigen-einsatz-von-glasfasern\/#faq-question-1688120549501","name":"2. Does optical fibre experience energy loss?","answerCount":1,"acceptedAnswer":{"@type":"Answer","text":"Optical fibre is an excellent medium for transmitting light signals and typically does not require amplification like copper cables. However, there is a minimal loss of power in optical fibre, known as attenuation. High-quality single-mode fibre can have an attenuation rate as low as 0.1 dB per kilometer.","inLanguage":"de"},"inLanguage":"de"}]}},"_links":{"self":[{"href":"https:\/\/stl.tech\/de\/wp-json\/wp\/v2\/posts\/157349","targetHints":{"allow":["GET"]}}],"collection":[{"href":"https:\/\/stl.tech\/de\/wp-json\/wp\/v2\/posts"}],"about":[{"href":"https:\/\/stl.tech\/de\/wp-json\/wp\/v2\/types\/post"}],"author":[{"embeddable":true,"href":"https:\/\/stl.tech\/de\/wp-json\/wp\/v2\/users\/1"}],"replies":[{"embeddable":true,"href":"https:\/\/stl.tech\/de\/wp-json\/wp\/v2\/comments?post=157349"}],"version-history":[{"count":1,"href":"https:\/\/stl.tech\/de\/wp-json\/wp\/v2\/posts\/157349\/revisions"}],"predecessor-version":[{"id":157350,"href":"https:\/\/stl.tech\/de\/wp-json\/wp\/v2\/posts\/157349\/revisions\/157350"}],"wp:featuredmedia":[{"embeddable":true,"href":"https:\/\/stl.tech\/de\/wp-json\/wp\/v2\/media\/147404"}],"wp:attachment":[{"href":"https:\/\/stl.tech\/de\/wp-json\/wp\/v2\/media?parent=157349"}],"wp:term":[{"taxonomy":"category","embeddable":true,"href":"https:\/\/stl.tech\/de\/wp-json\/wp\/v2\/categories?post=157349"},{"taxonomy":"post_tag","embeddable":true,"href":"https:\/\/stl.tech\/de\/wp-json\/wp\/v2\/tags?post=157349"}],"curies":[{"name":"wp","href":"https:\/\/api.w.org\/{rel}","templated":true}]}}